{"id":5545,"date":"2017-10-27T14:05:51","date_gmt":"2017-10-27T14:05:51","guid":{"rendered":"http:\/\/catedracosgaya.com.ar\/tipoblog\/2017\/?p=5545"},"modified":"2017-10-27T14:05:51","modified_gmt":"2017-10-27T14:05:51","slug":"emigrando-a-barcelona","status":"publish","type":"post","link":"https:\/\/catedracosgaya.com.ar\/tipoblog\/2017\/emigrando-a-barcelona\/","title":{"rendered":"Emigrando a Barcelona"},"content":{"rendered":"<p>Barcelona es una revista que se publica cada quince d\u00edas en la cual se realizan parodias del periodismo tradicional bas\u00e1ndose en hechos y temas de la Argentina de momento.<\/p>\n<p>Este conocido estilo \u00e1cido e ir\u00f3nico que realizan es pura y exclusivamente en defensa de los Derechos Humanos, contra el avance de las instituciones, entre otras cosas. Un ejemplo de esto es como constantemente traen a la memoria de todos la desaparici\u00f3n de Julio L\u00f3pez, de Luciano Arruga y, m\u00e1s recientemente, la de Santiago Maldonado. No est\u00e1 de m\u00e1s mencionar que la revista, en un su \u00faltimo n\u00famero de Agosto, utiliza los titulares, la tipograf\u00eda y la est\u00e9tica del Clar\u00edn de los a\u00f1os \u201970, tal cu\u00e1l como se usaba en la dictadura.<\/p>\n<p>&nbsp;<\/p>\n<figure id=\"attachment_5548\" aria-describedby=\"caption-attachment-5548\" style=\"width: 744px\" class=\"wp-caption aligncenter\"><img loading=\"lazy\" decoding=\"async\" data-attachment-id=\"5548\" data-permalink=\"https:\/\/catedracosgaya.com.ar\/tipoblog\/2017\/emigrando-a-barcelona\/tapa-barcelona-392-chica\/\" data-orig-file=\"https:\/\/catedracosgaya.com.ar\/tipoblog\/2017\/wp-content\/uploads\/2017\/10\/Tapa-Barcelona-392-chica.jpg\" data-orig-size=\"744,991\" data-comments-opened=\"0\" data-image-meta=\"{&quot;aperture&quot;:&quot;0&quot;,&quot;credit&quot;:&quot;&quot;,&quot;camera&quot;:&quot;&quot;,&quot;caption&quot;:&quot;&quot;,&quot;created_timestamp&quot;:&quot;0&quot;,&quot;copyright&quot;:&quot;&quot;,&quot;focal_length&quot;:&quot;0&quot;,&quot;iso&quot;:&quot;0&quot;,&quot;shutter_speed&quot;:&quot;0&quot;,&quot;title&quot;:&quot;&quot;,&quot;orientation&quot;:&quot;0&quot;}\" data-image-title=\"Tapa-Barcelona-392-chica\" data-image-description=\"\" data-image-caption=\"\" data-large-file=\"https:\/\/catedracosgaya.com.ar\/tipoblog\/2017\/wp-content\/uploads\/2017\/10\/Tapa-Barcelona-392-chica.jpg\" class=\"wp-image-5548 size-full\" src=\"http:\/\/catedracosgaya.com.ar\/tipoblog\/2017\/wp-content\/uploads\/2017\/10\/Tapa-Barcelona-392-chica.jpg\" alt=\"\" width=\"744\" height=\"991\" srcset=\"https:\/\/catedracosgaya.com.ar\/tipoblog\/2017\/wp-content\/uploads\/2017\/10\/Tapa-Barcelona-392-chica.jpg 744w, https:\/\/catedracosgaya.com.ar\/tipoblog\/2017\/wp-content\/uploads\/2017\/10\/Tapa-Barcelona-392-chica-225x300.jpg 225w\" sizes=\"auto, (max-width: 744px) 100vw, 744px\" \/><figcaption id=\"caption-attachment-5548\" class=\"wp-caption-text\">Revista Barcelona 392, 31 de Agosto de 2017. Utilizaci\u00f3n del estilo Clar\u00edn de 1976.<\/figcaption><\/figure>\n<p>La Barcelona naci\u00f3 en 2001 fruto de la crisis econ\u00f3mica Argentina que se estaba viviendo. Muchas personas emigraron a Europa en esa \u00e9poca a causa de la crisis, principalmente a lugares como Barcelona, de ah\u00ed el nombre de la revista.<\/p>\n<p>A mediados del 2001 Clar\u00edn public\u00f3 un eslogan con el t\u00edtulo de <i>\u201cUn toque de atenci\u00f3n para la soluci\u00f3n argentina de los problemas argentinos\u201d<\/i>. Barcelona surgi\u00f3 como <b><i>\u201csoluci\u00f3n europea para los problemas de los argentinos\u201d,<\/i><\/b> eludiendo ir\u00f3nicamente al slogan de Clar\u00edn.<\/p>\n<p>En sus comienzos la revista era un suplemento de otra, la Revista TXT, la cu\u00e1l ya no existe. Dos a\u00f1os despu\u00e9s surgi\u00f3 como propia, pudiendo repartir por todo Buenos Aires alrededor de 5.000 ejemplares.<\/p>\n<p>A diferencia de otras revistas, la Barcelona se estructura como un diario, donde tiene varias secciones como sociedad, mundo, deportes, y muchas m\u00e1s. Es habitual encontrar falsas encuestas sobre temas de la actualidad o contenido que ridiculiza el periodismo actual.<\/p>\n<p>Su estilo humoristico lleg\u00f3 a causar pol\u00e9mica y quejas, llegando a veces, a serias amenazas. Los directores, Ingrid Beck y Mariano Lucano, responden a esas quejas diciendo: <i>Que te r\u00edas es un efecto colateral, nosotros hacemos periodismo, somos periodistas<\/i>.<\/p>\n<p>Las contratapas de la revista son tan importantes que no solo compiten con las tapas, sino que adem\u00e1s hoy en d\u00eda se organizan exposiciones en toda Argentina tituladas \u201cCONTRATAPA\u00b4S de Revista <i>Barcelona<\/i>\u201c.<\/p>\n<figure id=\"attachment_5546\" aria-describedby=\"caption-attachment-5546\" style=\"width: 805px\" class=\"wp-caption aligncenter\"><img loading=\"lazy\" decoding=\"async\" data-attachment-id=\"5546\" data-permalink=\"https:\/\/catedracosgaya.com.ar\/tipoblog\/2017\/emigrando-a-barcelona\/contratapa-349-chica\/\" data-orig-file=\"https:\/\/catedracosgaya.com.ar\/tipoblog\/2017\/wp-content\/uploads\/2017\/10\/contratapa-349-chica.jpg\" data-orig-size=\"805,996\" data-comments-opened=\"0\" data-image-meta=\"{&quot;aperture&quot;:&quot;0&quot;,&quot;credit&quot;:&quot;&quot;,&quot;camera&quot;:&quot;&quot;,&quot;caption&quot;:&quot;&quot;,&quot;created_timestamp&quot;:&quot;0&quot;,&quot;copyright&quot;:&quot;&quot;,&quot;focal_length&quot;:&quot;0&quot;,&quot;iso&quot;:&quot;0&quot;,&quot;shutter_speed&quot;:&quot;0&quot;,&quot;title&quot;:&quot;&quot;,&quot;orientation&quot;:&quot;0&quot;}\" data-image-title=\"contratapa-349-chica\" data-image-description=\"\" data-image-caption=\"&lt;p&gt;Contratapa de la revista Barcelona 349, el 20 enero de 2016.  &lt;\/p&gt;\n\" data-large-file=\"https:\/\/catedracosgaya.com.ar\/tipoblog\/2017\/wp-content\/uploads\/2017\/10\/contratapa-349-chica.jpg\" class=\"size-full wp-image-5546\" src=\"http:\/\/catedracosgaya.com.ar\/tipoblog\/2017\/wp-content\/uploads\/2017\/10\/contratapa-349-chica.jpg\" alt=\"\" width=\"805\" height=\"996\" srcset=\"https:\/\/catedracosgaya.com.ar\/tipoblog\/2017\/wp-content\/uploads\/2017\/10\/contratapa-349-chica.jpg 805w, https:\/\/catedracosgaya.com.ar\/tipoblog\/2017\/wp-content\/uploads\/2017\/10\/contratapa-349-chica-242x300.jpg 242w, https:\/\/catedracosgaya.com.ar\/tipoblog\/2017\/wp-content\/uploads\/2017\/10\/contratapa-349-chica-768x950.jpg 768w\" sizes=\"auto, (max-width: 805px) 100vw, 805px\" \/><figcaption id=\"caption-attachment-5546\" class=\"wp-caption-text\">Contratapa de la revista Barcelona 349, 20 enero de 2016.<\/figcaption><\/figure>\n<p>Como cierre, podemos decir que la revista Barcelona puede ser cr\u00edtica, controversial, ir\u00f3nica, \u00e1cida, y muchos otros adjetivos m\u00e1s, pero sobre todo podemos definirla como un respiro que se contrapone a los medios hegem\u00f3nicos.<\/p>\n<p><i>https:\/\/revisbarcelona.com\/seccion\/tapas\/<\/i><\/p>\n","protected":false},"excerpt":{"rendered":"<p>Desde 2002 la revista Barcelona nos muestra una mirada par\u00f3dica sobre la realidad argentina distinta a todos los dem\u00e1s medios hegem\u00f3nicos. <\/p>\n","protected":false},"author":250,"featured_media":5547,"comment_status":"closed","ping_status":"closed","sticky":false,"template":"","format":"standard","meta":{"jetpack_post_was_ever_published":false,"_jetpack_newsletter_access":"","_jetpack_dont_email_post_to_subs":false,"_jetpack_newsletter_tier_id":0,"_jetpack_memberships_contains_paywalled_content":false,"_jetpack_memberships_contains_paid_content":false,"footnotes":"","jetpack_publicize_message":"Emigrando a Barcelona  #\u200eTipoblog #Tipograf&iacute;a2 #C&aacute;tedraCosgaya #\u200eFADU #\u200eUBA","jetpack_publicize_feature_enabled":true,"jetpack_social_post_already_shared":true,"jetpack_social_options":{"image_generator_settings":{"template":"highway","default_image_id":0,"font":"","enabled":false},"version":2}},"categories":[19],"tags":[],"class_list":["post-5545","post","type-post","status-publish","format-standard","has-post-thumbnail","hentry","category-revista"],"jetpack_publicize_connections":[],"jetpack_featured_media_url":"https:\/\/catedracosgaya.com.ar\/tipoblog\/2017\/wp-content\/uploads\/2017\/10\/tapa-364-chica.jpg","jetpack_sharing_enabled":true,"jetpack_shortlink":"https:\/\/wp.me\/p8Jwht-1rr","_links":{"self":[{"href":"https:\/\/catedracosgaya.com.ar\/tipoblog\/2017\/wp-json\/wp\/v2\/posts\/5545","targetHints":{"allow":["GET"]}}],"collection":[{"href":"https:\/\/catedracosgaya.com.ar\/tipoblog\/2017\/wp-json\/wp\/v2\/posts"}],"about":[{"href":"https:\/\/catedracosgaya.com.ar\/tipoblog\/2017\/wp-json\/wp\/v2\/types\/post"}],"author":[{"embeddable":true,"href":"https:\/\/catedracosgaya.com.ar\/tipoblog\/2017\/wp-json\/wp\/v2\/users\/250"}],"replies":[{"embeddable":true,"href":"https:\/\/catedracosgaya.com.ar\/tipoblog\/2017\/wp-json\/wp\/v2\/comments?post=5545"}],"version-history":[{"count":3,"href":"https:\/\/catedracosgaya.com.ar\/tipoblog\/2017\/wp-json\/wp\/v2\/posts\/5545\/revisions"}],"predecessor-version":[{"id":5551,"href":"https:\/\/catedracosgaya.com.ar\/tipoblog\/2017\/wp-json\/wp\/v2\/posts\/5545\/revisions\/5551"}],"wp:featuredmedia":[{"embeddable":true,"href":"https:\/\/catedracosgaya.com.ar\/tipoblog\/2017\/wp-json\/wp\/v2\/media\/5547"}],"wp:attachment":[{"href":"https:\/\/catedracosgaya.com.ar\/tipoblog\/2017\/wp-json\/wp\/v2\/media?parent=5545"}],"wp:term":[{"taxonomy":"category","embeddable":true,"href":"https:\/\/catedracosgaya.com.ar\/tipoblog\/2017\/wp-json\/wp\/v2\/categories?post=5545"},{"taxonomy":"post_tag","embeddable":true,"href":"https:\/\/catedracosgaya.com.ar\/tipoblog\/2017\/wp-json\/wp\/v2\/tags?post=5545"}],"curies":[{"name":"wp","href":"https:\/\/api.w.org\/{rel}","templated":true}]}}