{"id":1189,"date":"2022-09-24T12:39:20","date_gmt":"2022-09-24T15:39:20","guid":{"rendered":"https:\/\/catedracosgaya.com.ar\/tipoblog\/2022\/?p=1189"},"modified":"2022-10-19T13:49:04","modified_gmt":"2022-10-19T16:49:04","slug":"tipografias-pixeles-y-muchos-colores","status":"publish","type":"post","link":"https:\/\/catedracosgaya.com.ar\/tipoblog\/2022\/tipografias-pixeles-y-muchos-colores\/","title":{"rendered":"Tipograf\u00edas, p\u00edxeles y muchos colores"},"content":{"rendered":"\n<p class=\"has-normal-font-size\"><strong>En los \u00faltimos a\u00f1os el ciberbullying o ciberacoso se ha incrementado porque lxs adolescentes est\u00e1n m\u00e1s expuestos en los medios digitales y algunxs aprovechan para esconderse en el anonimato atacando con comentarios hirientes y negativos, buscando causar da\u00f1os psicol\u00f3gicos. Por este motivo UNICEF lanza una campa\u00f1a en el D\u00eda Mundial de Internet para concientizar y frenar los discursos de odio.<\/strong><\/p>\n\n\n\n<p>Actualmente el uso de las redes sociales, internet y medios de comunicaci\u00f3n son parte de nuestra cultura y actividades cotidianas. Estos medios de comunicaci\u00f3n no tardaron en llegar a lxs m\u00e1s j\u00f3venes, quienes aprovechar\u00e1n no s\u00f3lo como fuente de informaci\u00f3n sino tambi\u00e9n como un medio expresivo, donde no hay filtro y todos son \u201clibres\u201d de dar su opini\u00f3n.<\/p>\n\n\n\n<p>Esta campa\u00f1a online es una iniciativa hecha por <strong>UNICEF Argentina<\/strong> donde busca poder visibilizar estos mecanismos de odio en lxs adolescentes y brindar herramientas para poder detectar a estos<em> <\/em><strong>haters<\/strong>, como dejar de seguir, silenciar, eliminar, denunciar y\/o bloquear de la red a la persona y sus comentarios abusivos y poder prevenirlos.<\/p>\n\n\n\n<p>Seg\u00fan una encuesta realizada en <strong>U-report<\/strong>, relev\u00f3 la opini\u00f3n de 794 j\u00f3venes, donde el 70% de los chicos y las chicas cree que <strong>aumentaron las actitudes de odio en las plataformas digitales<\/strong>. Adem\u00e1s, 9 de cada 10 ha sido testigo de un ataque hacia una persona o grupo y el 44% de los y las entrevistados ha sufrido agresiones por parte de <em>haters.<\/em><\/p>\n\n\n\n<figure class=\"wp-block-gallery has-nested-images columns-default is-cropped wp-block-gallery-1 is-layout-flex wp-block-gallery-is-layout-flex\">\n<figure class=\"wp-block-image size-large\"><img decoding=\"async\" src=\"https:\/\/www.unicef.org\/argentina\/sites\/unicef.org.argentina\/files\/styles\/two_column\/public\/Haters-Historia%201-Afiche-03.png?itok=82FV2cQQ\" alt=\"\"\/><\/figure>\n<\/figure>\n\n\n<div class=\"wp-block-image\">\n<figure class=\"aligncenter size-large is-resized\"><img loading=\"lazy\" decoding=\"async\" src=\"https:\/\/www.unicef.org\/argentina\/sites\/unicef.org.argentina\/files\/styles\/two_column\/public\/Haters%20Historia%202-%20Afiche_v3.png?itok=7iX5D9Sk\" alt=\"\" width=\"611\" height=\"764\"\/><figcaption>Fuente UNICEF<\/figcaption><\/figure>\n<\/div>\n\n\n<p>Es coherente que en la pieza se utilicen ciertos elementos propios de internet para tener una llegada m\u00e1s clara al p\u00fablico a qui\u00e9n se va a dirigir, por ejemplo el uso del \u201c#\u201d el cual se emplea para marcar una tendencia y que cualquier persona pueda ser part\u00edcipe de cierto movimiento o idea. Como en el caso del hashtag \u201c#LOSIENTOHATER\u201d que se usa como etiqueta para dar visibilidad a esta problem\u00e1tica que se propaga en las redes sociales y empoderar a lxs adolescentes.<\/p>\n\n\n\n<p>En la pieza infogr\u00e1fica se trata de usar varias combinaciones tipogr\u00e1ficas como caracter\u00edstica principal para dar alusi\u00f3n al mundo de internet. Esta tem\u00e1tica es visible ya que en el a\u00f1o 2021 estaban en tendencia los colores vivos y explosivos adem\u00e1s de los estilos retro, geom\u00e9tricos, futuristas y principalmente la virtualidad. Podemos observar que utiliza la combinaci\u00f3n de 2 familias tipogr\u00e1ficas, primero usa una <strong>sans serif geom\u00e9trica<\/strong> que se asemeja mucho a las tipograf\u00edas modernas como lo es Helv\u00e9tica que es eficaz para su legibilidad y para titulares, y en segundo lugar utiliza una tipograf\u00eda electr\u00f3nica de <strong>estilo pixel<\/strong> como lo es Pixter que representa el universo virtual y retro de c\u00f3mo se ve\u00eda la tipograf\u00eda en pantalla entre los a\u00f1os 70 y 80.<\/p>\n\n\n\n<p>Una caracter\u00edstica de la comunicaci\u00f3n virtual, y de esta generaci\u00f3n, es el uso de <strong>emojis<\/strong> o emoticones. Estos son utilizados para abreviar frases o palabras y otorgar alguna emoci\u00f3n al mensaje o comentarios en redes. En el caso de esta pieza se utilizan para ayudar a que la lectura de la informaci\u00f3n sea lo m\u00e1s r\u00e1pida y eficaz posible y a la vez que son utilizadas como peque\u00f1os gr\u00e1ficos para acompa\u00f1ar el texto.<\/p>\n\n\n\n<p>Tanto para la gr\u00e1fica como en la tipograf\u00eda utiliza como inspiraci\u00f3n el concepto de <strong>pixel art<\/strong> que es una forma de arte digital donde a trav\u00e9s de programas de edici\u00f3n llevan a las im\u00e1genes y a las tipograf\u00edas a nivel de p\u00edxel, su origen se debe a los videojuegos de estilo arcade cl\u00e1sicos en PC y algunos juegos en tel\u00e9fonos m\u00f3viles, transport\u00e1ndonos a esta comunidad virtual de lxs adolescentes.<\/p>\n\n\n\n<p>Los colores que utiliza es para poder representar las distintas personalidades y diversidades que existen, se puede observar que los colores se van repitiendo predominando toda la pieza contrastando en este fondo negro haciendo que el mensaje sea claro, llamativo y pertinente.&nbsp;<\/p>\n\n\n\n<figure class=\"wp-block-embed is-type-video is-provider-youtube wp-block-embed-youtube wp-embed-aspect-16-9 wp-has-aspect-ratio\"><div class=\"wp-block-embed__wrapper\">\n<iframe loading=\"lazy\" title=\"#LoSientoHater\" width=\"580\" height=\"326\" src=\"https:\/\/www.youtube.com\/embed\/Kobury_g1hI?feature=oembed\" frameborder=\"0\" allow=\"accelerometer; autoplay; clipboard-write; encrypted-media; gyroscope; picture-in-picture; web-share\" referrerpolicy=\"strict-origin-when-cross-origin\" allowfullscreen><\/iframe>\n<\/div><\/figure>\n\n\n\n<p>La idea de la campa\u00f1a es dar a conocer c\u00f3mo combatir este tipo de discurso de odio brindando herramientas y apoyo a trav\u00e9s de las redes sociales con una pieza gr\u00e1fica pertinente que hace que se destaque visualmente en la comunidad adolescente e incentivar el uso responsable de las redes sociales para que podamos ser nosotros mismos libre de haters.<\/p>\n\n\n\n<p><strong>Fuentes<\/strong>:<\/p>\n\n\n\n<p style=\"font-size:16px\"><a href=\"https:\/\/www.unicef.org\/argentina\/lo-siento-hater\">https:\/\/www.unicef.org\/argentina\/lo-siento-hater<\/a><\/p>\n\n\n\n<p style=\"font-size:16px\"><a href=\"https:\/\/www.unicef.org\/argentina\/comunicados-de-prensa\/losientohater\">https:\/\/www.unicef.org\/argentina\/comunicados-de-prensa\/losientohater<\/a><\/p>\n\n\n\n<p style=\"font-size:16px\"><a href=\"https:\/\/es.wikipedia.org\/wiki\/Pixel_art\">https:\/\/es.wikipedia.org\/wiki\/Pixel_art<\/a><\/p>\n<div class=\"remoji_bar\"><div class=\"remoji_add_container\" data-remoji-id=\"1189\" data-remoji-type=\"post\"><div class=\"remoji_add_icon\"><\/div><\/div><div class=\"remoji_error_bar\" data-remoji-id=\"1189\" data-remoji-type=\"post\" style=\"display: none;\">Error happened.<\/div><\/div>","protected":false},"excerpt":{"rendered":"<p>En los \u00faltimos a\u00f1os el ciberbullying o ciberacoso se ha incrementado porque lxs adolescentes est\u00e1n m\u00e1s expuestos en los medios digitales y algunxs aprovechan para esconderse en el anonimato atacando con comentarios hirientes y negativos, buscando causar da\u00f1os psicol\u00f3gicos. Por este motivo UNICEF lanza una campa\u00f1a en el D\u00eda Mundial de Internet para concientizar y [&hellip;]<\/p>\n","protected":false},"author":84,"featured_media":1261,"comment_status":"open","ping_status":"closed","sticky":false,"template":"","format":"standard","meta":{"_acf_changed":false,"footnotes":""},"categories":[1],"tags":[40,131],"comision":[4],"eje":[10],"pieza":[],"calif":[],"class_list":["post-1189","post","type-post","status-publish","format-standard","has-post-thumbnail","hentry","category-sin-categoria","tag-afiche","tag-ciberbullying","comision-juan-juli","eje-contexto-visual"],"acf":[],"_links":{"self":[{"href":"https:\/\/catedracosgaya.com.ar\/tipoblog\/2022\/wp-json\/wp\/v2\/posts\/1189","targetHints":{"allow":["GET"]}}],"collection":[{"href":"https:\/\/catedracosgaya.com.ar\/tipoblog\/2022\/wp-json\/wp\/v2\/posts"}],"about":[{"href":"https:\/\/catedracosgaya.com.ar\/tipoblog\/2022\/wp-json\/wp\/v2\/types\/post"}],"author":[{"embeddable":true,"href":"https:\/\/catedracosgaya.com.ar\/tipoblog\/2022\/wp-json\/wp\/v2\/users\/84"}],"replies":[{"embeddable":true,"href":"https:\/\/catedracosgaya.com.ar\/tipoblog\/2022\/wp-json\/wp\/v2\/comments?post=1189"}],"version-history":[{"count":3,"href":"https:\/\/catedracosgaya.com.ar\/tipoblog\/2022\/wp-json\/wp\/v2\/posts\/1189\/revisions"}],"predecessor-version":[{"id":1729,"href":"https:\/\/catedracosgaya.com.ar\/tipoblog\/2022\/wp-json\/wp\/v2\/posts\/1189\/revisions\/1729"}],"wp:featuredmedia":[{"embeddable":true,"href":"https:\/\/catedracosgaya.com.ar\/tipoblog\/2022\/wp-json\/wp\/v2\/media\/1261"}],"wp:attachment":[{"href":"https:\/\/catedracosgaya.com.ar\/tipoblog\/2022\/wp-json\/wp\/v2\/media?parent=1189"}],"wp:term":[{"taxonomy":"category","embeddable":true,"href":"https:\/\/catedracosgaya.com.ar\/tipoblog\/2022\/wp-json\/wp\/v2\/categories?post=1189"},{"taxonomy":"post_tag","embeddable":true,"href":"https:\/\/catedracosgaya.com.ar\/tipoblog\/2022\/wp-json\/wp\/v2\/tags?post=1189"},{"taxonomy":"comision","embeddable":true,"href":"https:\/\/catedracosgaya.com.ar\/tipoblog\/2022\/wp-json\/wp\/v2\/comision?post=1189"},{"taxonomy":"eje","embeddable":true,"href":"https:\/\/catedracosgaya.com.ar\/tipoblog\/2022\/wp-json\/wp\/v2\/eje?post=1189"},{"taxonomy":"pieza","embeddable":true,"href":"https:\/\/catedracosgaya.com.ar\/tipoblog\/2022\/wp-json\/wp\/v2\/pieza?post=1189"},{"taxonomy":"calif","embeddable":true,"href":"https:\/\/catedracosgaya.com.ar\/tipoblog\/2022\/wp-json\/wp\/v2\/calif?post=1189"}],"curies":[{"name":"wp","href":"https:\/\/api.w.org\/{rel}","templated":true}]}}