{"id":281,"date":"2022-09-24T12:00:00","date_gmt":"2022-09-24T15:00:00","guid":{"rendered":"https:\/\/catedracosgaya.com.ar\/tipoblog\/2022\/?p=281"},"modified":"2022-10-19T13:49:49","modified_gmt":"2022-10-19T16:49:49","slug":"vivir-en-las-sombras","status":"publish","type":"post","link":"https:\/\/catedracosgaya.com.ar\/tipoblog\/2022\/vivir-en-las-sombras\/","title":{"rendered":"Vivir en las sombras"},"content":{"rendered":"\n<p><strong>A vos no te toca\u2026<\/strong><\/p>\n\n\n\n<p>La pieza gr\u00e1fica, es parte de un trabajo pr\u00e1ctico realizado en 2016 para la Universidad Pontificia Bolivariana, escuela de arquitectura y dise\u00f1o, ubicada en Medell\u00edn, Colombia. La intenci\u00f3n comunicacional del afiche es lograr concientizar y empatizar sobre la manera de vivir de aquellas personas en situaci\u00f3n de calle, visibilizar la pobreza y desigualdad; mediante una frase y la apropiaci\u00f3n de los objetos de uso cotidiano de los habitantes de calle.<\/p>\n\n\n\n<p>Se identifica a la pieza como un afiche pensado para ser mostrado en la v\u00eda p\u00fablica. Est\u00e1 acompa\u00f1ado a la vez por otras piezas gr\u00e1ficas, una publicaci\u00f3n de revista, una caja interactiva y una valla. Se reconocen como sistema ya que en todas el elemento que se repite la frase<em> \u201cA VOS NO TE TOCA\u201d.<\/em><\/p>\n\n\n\n<p>Esta frase hace referencia a la problem\u00e1tica abordada, en este caso la pobreza y la situaci\u00f3n de dormir en la calle, la escasez de recursos y la realidad que se vive en las calles en donde con mayor medida se pueden ver cada vez m\u00e1s personas que habitan en la v\u00eda p\u00fablica.<\/p>\n\n\n\n<figure class=\"wp-block-gallery has-nested-images columns-default is-cropped wp-block-gallery-1 is-layout-flex wp-block-gallery-is-layout-flex\">\n<figure class=\"wp-block-image size-large\"><a href=\"https:\/\/catedracosgaya.com.ar\/tipoblog\/2022\/wp-content\/uploads\/2022\/09\/revista-011-2.jpg\"><img loading=\"lazy\" decoding=\"async\" width=\"1024\" height=\"662\" data-id=\"870\" src=\"https:\/\/catedracosgaya.com.ar\/tipoblog\/2022\/wp-content\/uploads\/2022\/09\/revista-011-2-1024x662.jpg\" alt=\"\" class=\"wp-image-870\" srcset=\"https:\/\/catedracosgaya.com.ar\/tipoblog\/2022\/wp-content\/uploads\/2022\/09\/revista-011-2-1024x662.jpg 1024w, https:\/\/catedracosgaya.com.ar\/tipoblog\/2022\/wp-content\/uploads\/2022\/09\/revista-011-2-300x194.jpg 300w, https:\/\/catedracosgaya.com.ar\/tipoblog\/2022\/wp-content\/uploads\/2022\/09\/revista-011-2-768x497.jpg 768w, https:\/\/catedracosgaya.com.ar\/tipoblog\/2022\/wp-content\/uploads\/2022\/09\/revista-011-2-1200x776.jpg 1200w, https:\/\/catedracosgaya.com.ar\/tipoblog\/2022\/wp-content\/uploads\/2022\/09\/revista-011-2.jpg 1225w\" sizes=\"auto, (max-width: 1024px) 100vw, 1024px\" \/><\/a><\/figure>\n\n\n\n<figure class=\"wp-block-image size-large\"><a href=\"https:\/\/catedracosgaya.com.ar\/tipoblog\/2022\/wp-content\/uploads\/2022\/09\/revista-021-1.jpg\"><img loading=\"lazy\" decoding=\"async\" width=\"1024\" height=\"663\" data-id=\"871\" src=\"https:\/\/catedracosgaya.com.ar\/tipoblog\/2022\/wp-content\/uploads\/2022\/09\/revista-021-1-1024x663.jpg\" alt=\"\" class=\"wp-image-871\" srcset=\"https:\/\/catedracosgaya.com.ar\/tipoblog\/2022\/wp-content\/uploads\/2022\/09\/revista-021-1-1024x663.jpg 1024w, https:\/\/catedracosgaya.com.ar\/tipoblog\/2022\/wp-content\/uploads\/2022\/09\/revista-021-1-300x194.jpg 300w, https:\/\/catedracosgaya.com.ar\/tipoblog\/2022\/wp-content\/uploads\/2022\/09\/revista-021-1-768x497.jpg 768w, https:\/\/catedracosgaya.com.ar\/tipoblog\/2022\/wp-content\/uploads\/2022\/09\/revista-021-1-1200x777.jpg 1200w, https:\/\/catedracosgaya.com.ar\/tipoblog\/2022\/wp-content\/uploads\/2022\/09\/revista-021-1.jpg 1225w\" sizes=\"auto, (max-width: 1024px) 100vw, 1024px\" \/><\/a><\/figure>\n\n\n\n<figure class=\"wp-block-image size-large\"><a href=\"https:\/\/catedracosgaya.com.ar\/tipoblog\/2022\/wp-content\/uploads\/2022\/09\/valla.jpg\"><img loading=\"lazy\" decoding=\"async\" width=\"700\" height=\"525\" data-id=\"867\" src=\"https:\/\/catedracosgaya.com.ar\/tipoblog\/2022\/wp-content\/uploads\/2022\/09\/valla.jpg\" alt=\"\" class=\"wp-image-867\" srcset=\"https:\/\/catedracosgaya.com.ar\/tipoblog\/2022\/wp-content\/uploads\/2022\/09\/valla.jpg 700w, https:\/\/catedracosgaya.com.ar\/tipoblog\/2022\/wp-content\/uploads\/2022\/09\/valla-300x225.jpg 300w\" sizes=\"auto, (max-width: 700px) 100vw, 700px\" \/><\/a><\/figure>\n\n\n\n<figure class=\"wp-block-image size-large\"><a href=\"https:\/\/catedracosgaya.com.ar\/tipoblog\/2022\/wp-content\/uploads\/2022\/09\/pieza-interactiva-02.jpg\"><img loading=\"lazy\" decoding=\"async\" width=\"612\" height=\"792\" data-id=\"868\" src=\"https:\/\/catedracosgaya.com.ar\/tipoblog\/2022\/wp-content\/uploads\/2022\/09\/pieza-interactiva-02.jpg\" alt=\"\" class=\"wp-image-868\" srcset=\"https:\/\/catedracosgaya.com.ar\/tipoblog\/2022\/wp-content\/uploads\/2022\/09\/pieza-interactiva-02.jpg 612w, https:\/\/catedracosgaya.com.ar\/tipoblog\/2022\/wp-content\/uploads\/2022\/09\/pieza-interactiva-02-232x300.jpg 232w\" sizes=\"auto, (max-width: 612px) 100vw, 612px\" \/><\/a><\/figure>\n\n\n\n<figure class=\"wp-block-image size-large\"><a href=\"https:\/\/catedracosgaya.com.ar\/tipoblog\/2022\/wp-content\/uploads\/2022\/09\/pieza-interactiva-01.jpg\"><img loading=\"lazy\" decoding=\"async\" width=\"612\" height=\"792\" data-id=\"869\" src=\"https:\/\/catedracosgaya.com.ar\/tipoblog\/2022\/wp-content\/uploads\/2022\/09\/pieza-interactiva-01.jpg\" alt=\"\" class=\"wp-image-869\" srcset=\"https:\/\/catedracosgaya.com.ar\/tipoblog\/2022\/wp-content\/uploads\/2022\/09\/pieza-interactiva-01.jpg 612w, https:\/\/catedracosgaya.com.ar\/tipoblog\/2022\/wp-content\/uploads\/2022\/09\/pieza-interactiva-01-232x300.jpg 232w\" sizes=\"auto, (max-width: 612px) 100vw, 612px\" \/><\/a><\/figure>\n<\/figure>\n\n\n\n<p>La pieza no cuenta con fotograf\u00eda ni ilustraci\u00f3n, por lo que la tipograf\u00eda toma un rol principal y comienza a funcionar como imagen.&nbsp; El nivel tipogr\u00e1fico tiene gran protagonismo en la pieza, ya que ocupa gran parte de la composici\u00f3n. Hay una combinaci\u00f3n de escritura manual, realizada a mano alzada y usando may\u00fasculas (para generar mayor legibilidad y m\u00e1s impacto) y una tipograf\u00eda calada para dar contexto a la pieza. Por \u00faltimo se usa una tipograf\u00eda de fuente Arial para la bajada de la pieza. Pensamos que la elecci\u00f3n de usar tipograf\u00eda manuscrita fue tomada&nbsp; para personificar\/ identificar a quien est\u00e1 emitiendo el mensaje, desde el lugar de persona que duerme en la vereda, elegida con el prop\u00f3sito de darle una prevalencia conceptual.<\/p>\n\n\n\n<p class=\"has-text-align-center\"><strong>\u2022<\/strong><\/p>\n\n\n\n<p><strong>EJE TEM\u00c1TICO:<\/strong><\/p>\n\n\n\n<p><strong>CONCEPTO O MENSAJE <\/strong><em>\u201cA vos no te toca dormir sobre cart\u00f3n\u201d<\/em><\/p>\n\n\n\n<p><br>Es un mensaje en formato afiche con la intenci\u00f3n de generar alto impacto en ciudadanos en el contexto de la v\u00eda p\u00fablica, con el fin de interpelar y generar conciencia sobre la forma en la que viven millones de personas en situaci\u00f3n de calle, que no poseen vivienda y se encuentran en extrema pobreza.&nbsp;<\/p>\n\n\n\n<p><strong>Mensaje&nbsp;<\/strong><br>Visibilizar la desigualdad, la pobreza, la forma en la que viven las personas en situaci\u00f3n de calle, generar empat\u00eda y un cambio de conciencia.<\/p>\n\n\n\n<p>Presenta una postura evidente con el objetivo de crear conciencia, modificar comportamientos y provocar el cambio de perspectiva sobre la situaci\u00f3n de pobreza de la sociedad y la calidad de vida de muchas personas que viven, duermen, comen y realizan su vida diaria en la v\u00eda p\u00fablica.<\/p>\n\n\n\n<p><strong>Partido conceptual.<\/strong><br>El cart\u00f3n como soporte, como cama.&nbsp;<br>Mostrar un objeto cotidiano, accesible o de f\u00e1cil obtenci\u00f3n (como el cart\u00f3n corrugado) como contenedor de un mensaje impactante. En \u00e9l se marca la diferencia entre los ciudadanos que tienen acceso a una vivienda, con un espacio d\u00f3nde dormir y las personas de escasos recursos que poseen\/ o tienen a su alcance s\u00f3lo cart\u00f3n para dormir en la vereda.<\/p>\n\n\n\n<p><strong>Describe la importancia de un derecho b\u00e1sico y primordial para llevar una vida digna, como es tener un lugar adecuado d\u00f3nde dormir.<\/strong><\/p>\n\n\n\n<p><strong>El mensaje de esta pieza fue trabajado desde un lugar de generar respeto y empat\u00eda hacia los habitantes en situaci\u00f3n de pobreza, para visibilizar su cotidianeidad y generar un cambio o una mejor\u00eda en su calidad de vida<\/strong>.<\/p>\n\n\n\n<p>El <strong>concepto tem\u00e1tico y el recurso gr\u00e1fico<\/strong> se relacionan de manera muy pertinente, y es lo m\u00e1s llamativo de la pieza, ya que el uso del material (cart\u00f3n corrugado) como soporte genera un clima de segundo uso, algo sucio, gastado, reciclado, un <strong>material de la basura para algunxs, y una cama para otrxs.<\/strong><\/p>\n\n\n\n<p>La importancia de la tipograf\u00eda manuscrita como recurso art\u00edstico para generar un clima de denuncia, se distingue la intenci\u00f3n y la presi\u00f3n con la que est\u00e1n realizados los trazos, y los cortes de la tipograf\u00eda calada de forma irregular realizada a mano, denota enojo, furia y genera empat\u00eda y perspectiva de la situaci\u00f3n que se ve en las calles.<\/p>\n\n\n\n<p><strong>Destinatario <\/strong>pensado para personas j\u00f3venes &#8211; adultas, pensado para espacio publicitario urbano, para transe\u00fantes de la v\u00eda p\u00fablica, en un contexto de calle.<\/p>\n\n\n\n<p>El tipo de di\u00e1logo que se establece a trav\u00e9s de la pieza afiche es impactante, chocante, inc\u00f3modo, invita a la reflexi\u00f3n, a ponerse en en el lugar del otrx. Genera sensibilidad, inquietud, molestia por el soporte fuera de lo convencional, y la forma en la que est\u00e1 realizada la tipograf\u00eda manuscrita de manera desigual y sin prolijidad.&nbsp;<\/p>\n\n\n\n<p><strong>Funci\u00f3n comunicativa <\/strong>generar una pieza de alto impacto en la que se pueda reconocer el eje tem\u00e1tico f\u00e1cilmente. Al ver la pieza, el material, la forma en la que est\u00e1 realizada, a trav\u00e9s de los elementos que se utilizan para comunicar, se puede identificar sobre qu\u00e9 y qui\u00e9nes se habla.&nbsp;<\/p>\n\n\n\n<p>Se utiliza alg\u00fan tipo de cray\u00f3n, pastel o carbonilla negra para la tipograf\u00eda manuscrita, sobre un soporte de cart\u00f3n corrugado que se encuentra usado, roto y sucio, mostrando el desgaste y precariedad de lxs habitantes en situaci\u00f3n de calle. Sobre el soporte se realiza un calado y una rotura del cart\u00f3n para completar el mensaje y simbolizar los pocos (o nulos) recursos que posee una persona con un grado alto de pobreza.<\/p>\n\n\n\n<p>En conclusi\u00f3n pensamos que la elecci\u00f3n de la tipograf\u00eda manuscrita aporta una identidad mucho m\u00e1s impactante que una tipograf\u00eda digital, ya que transmite el mensaje y el tema del que se est\u00e1 hablando&nbsp; con mayor pertinencia. Se puede reconocer y vincular el objetivo de comunicaci\u00f3n mediante el recurso gr\u00e1fico (el material, la escritura a mano alzada, el calado desigual), con el uso de la may\u00fascula para mayor legibilidad y fuerza; todos los elementos utilizados en la pieza aluden a quien refiere la pieza y su contexto.<\/p>\n\n\n\n<p><strong>FUENTE:&nbsp;<\/strong><br>Pieza gr\u00e1fica:<br><a rel=\"noreferrer noopener\" href=\"https:\/\/mitdazare.wordpress.com\/2016\/09\/08\/proyecto-de-fotografia-y-tipografia-entrega\/\" target=\"_blank\">https:\/\/mitdazare.wordpress.com\/2016\/09\/08\/proyecto-de-fotografia-y-tipografia-entrega\/<\/a><br><a rel=\"noreferrer noopener\" href=\"https:\/\/mitdazare.wordpress.com\/\" target=\"_blank\">https:\/\/ mitdazare.wordpress.com<\/a><\/p>\n<div class=\"remoji_bar\"><div class=\"remoji_add_container\" data-remoji-id=\"281\" data-remoji-type=\"post\"><div class=\"remoji_add_icon\"><\/div><\/div><div class=\"remoji_error_bar\" data-remoji-id=\"281\" data-remoji-type=\"post\" style=\"display: none;\">Error happened.<\/div><\/div>","protected":false},"excerpt":{"rendered":"<p>A vos no te toca\u2026 La pieza gr\u00e1fica, es parte de un trabajo pr\u00e1ctico realizado en 2016 para la Universidad Pontificia Bolivariana, escuela de arquitectura y dise\u00f1o, ubicada en Medell\u00edn, Colombia. La intenci\u00f3n comunicacional del afiche es lograr concientizar y empatizar sobre la manera de vivir de aquellas personas en situaci\u00f3n de calle, visibilizar la [&hellip;]<\/p>\n","protected":false},"author":16,"featured_media":282,"comment_status":"open","ping_status":"closed","sticky":false,"template":"","format":"standard","meta":{"_acf_changed":false,"footnotes":""},"categories":[1],"tags":[95,94,98,99],"comision":[4],"eje":[9],"pieza":[],"calif":[],"class_list":["post-281","post","type-post","status-publish","format-standard","has-post-thumbnail","hentry","category-sin-categoria","tag-desigualdad","tag-exclusion","tag-pobreza","tag-situacion-de-calle","comision-juan-juli","eje-concepto-o-mensaje"],"acf":[],"_links":{"self":[{"href":"https:\/\/catedracosgaya.com.ar\/tipoblog\/2022\/wp-json\/wp\/v2\/posts\/281","targetHints":{"allow":["GET"]}}],"collection":[{"href":"https:\/\/catedracosgaya.com.ar\/tipoblog\/2022\/wp-json\/wp\/v2\/posts"}],"about":[{"href":"https:\/\/catedracosgaya.com.ar\/tipoblog\/2022\/wp-json\/wp\/v2\/types\/post"}],"author":[{"embeddable":true,"href":"https:\/\/catedracosgaya.com.ar\/tipoblog\/2022\/wp-json\/wp\/v2\/users\/16"}],"replies":[{"embeddable":true,"href":"https:\/\/catedracosgaya.com.ar\/tipoblog\/2022\/wp-json\/wp\/v2\/comments?post=281"}],"version-history":[{"count":3,"href":"https:\/\/catedracosgaya.com.ar\/tipoblog\/2022\/wp-json\/wp\/v2\/posts\/281\/revisions"}],"predecessor-version":[{"id":1732,"href":"https:\/\/catedracosgaya.com.ar\/tipoblog\/2022\/wp-json\/wp\/v2\/posts\/281\/revisions\/1732"}],"wp:featuredmedia":[{"embeddable":true,"href":"https:\/\/catedracosgaya.com.ar\/tipoblog\/2022\/wp-json\/wp\/v2\/media\/282"}],"wp:attachment":[{"href":"https:\/\/catedracosgaya.com.ar\/tipoblog\/2022\/wp-json\/wp\/v2\/media?parent=281"}],"wp:term":[{"taxonomy":"category","embeddable":true,"href":"https:\/\/catedracosgaya.com.ar\/tipoblog\/2022\/wp-json\/wp\/v2\/categories?post=281"},{"taxonomy":"post_tag","embeddable":true,"href":"https:\/\/catedracosgaya.com.ar\/tipoblog\/2022\/wp-json\/wp\/v2\/tags?post=281"},{"taxonomy":"comision","embeddable":true,"href":"https:\/\/catedracosgaya.com.ar\/tipoblog\/2022\/wp-json\/wp\/v2\/comision?post=281"},{"taxonomy":"eje","embeddable":true,"href":"https:\/\/catedracosgaya.com.ar\/tipoblog\/2022\/wp-json\/wp\/v2\/eje?post=281"},{"taxonomy":"pieza","embeddable":true,"href":"https:\/\/catedracosgaya.com.ar\/tipoblog\/2022\/wp-json\/wp\/v2\/pieza?post=281"},{"taxonomy":"calif","embeddable":true,"href":"https:\/\/catedracosgaya.com.ar\/tipoblog\/2022\/wp-json\/wp\/v2\/calif?post=281"}],"curies":[{"name":"wp","href":"https:\/\/api.w.org\/{rel}","templated":true}]}}