{"id":513,"date":"2022-09-24T13:45:38","date_gmt":"2022-09-24T16:45:38","guid":{"rendered":"https:\/\/catedracosgaya.com.ar\/tipoblog\/2022\/?p=513"},"modified":"2022-10-01T11:18:53","modified_gmt":"2022-10-01T14:18:53","slug":"prejuicio-o-perjuicio","status":"publish","type":"post","link":"https:\/\/catedracosgaya.com.ar\/tipoblog\/2022\/prejuicio-o-perjuicio\/","title":{"rendered":"\u00bfPrejuicio o perjuicio?"},"content":{"rendered":"\n<p><strong>Los prejuicios son moneda corriente en una sociedad machista que carece de empat\u00eda hacia las mujeres afectadas por distintos tipos de violencia. Sin tener en cuenta, las circunstancias por las que han atravesado y sufriendo un da\u00f1o real provocado por agresiones en el \u00e1mbito digital.<\/strong><\/p>\n\n\n\n<p>Esta pieza pertenece a una campa\u00f1a compuesta por varios afiches similares, en contra de los prejuicios que sufren las mujeres por ser v\u00edctimas de distintos tipos de violencia, y los prejuicios llevados a cabo dentro del \u00e1mbito de las redes sociales. Esta campa\u00f1a llamada <strong>#NoEsSuCulpa<\/strong>, es una iniciativa llevada a cabo por la Fundaci\u00f3n para Estudio e Investigaci\u00f3n de la Mujer <strong>(FEIM)<\/strong> en conjunto con la agencia creativa <strong>Tribal Worldwide<\/strong>, y que tiene lugar dentro del contexto de los 16 d\u00edas de activismo contra la violencia de g\u00e9nero de 2017.<\/p>\n\n\n\n<p>El medio de circulaci\u00f3n pensado para esta campa\u00f1a, es ser promovido en el \u00e1mbito digital con el fin de tener llegada a los usuarios por el mismo medio en el que se realizan estos comentarios ofensivos, como lo ser\u00edan las redes sociales (Instagram, Facebook, Twitter, etc.). Dirigida hacia un p\u00fablico general, ya que este tipo de comentarios en las redes suceden con much\u00edsima frecuencia, buscando concientizar sobre esta problem\u00e1tica, y lograr un grado de empat\u00eda hacia la otra persona.<\/p>\n\n\n\n<blockquote class=\"wp-block-quote is-layout-flow wp-block-quote-is-layout-flow\"><p><em>\u201cQu\u00e9 esperaba a la madrugada despu\u00e9s de una fiesta\u2026 \u00bfQu\u00e9 la pase a buscar la carroza?\u201d \u201cPor est\u00fapida, debi\u00f3 dejarlo en el primer golpe\u201d \u201cSalen en minifalda mostrando todo\u2026 y se quejan que le digan algo\u201d.<\/em><\/p><cite>Frases recopiladas (FEIM)<\/cite><\/blockquote>\n\n\n\n<p>Hoy en d\u00eda los nuevos medios de comunicaci\u00f3n, son accesibles para la gran mayor\u00eda, y se vuelve muy f\u00e1cil hacer un comentario detr\u00e1s de una pantalla. Por esto mismo, es en donde aparecen mas frecuentemente estas situaciones culpando err\u00f3neamente a la persona equivocada, sin motivo alguno. En cuanto a la pieza, podemos mencionar que el concepto que aborda esta campa\u00f1a es la sentencia que sufre la mujer ante diferentes situaciones de violencia como <strong>acoso laboral, violencia dom\u00e9stica, acoso callejero y violencia sexual<\/strong>. Con respecto a los recursos gr\u00e1ficos que utiliza la pieza, podemos mencionar como se representa a una mujer sosteniendo un cartel identitario en donde se muestran diferentes comentarios provenientes de las redes sociales. Este tipo de frases genera un cierto impacto negativo en la v\u00edctima promoviendo una sentencia social, y logrando lo que seria una simulaci\u00f3n de una persona detenida en una comisar\u00eda.&nbsp;<\/p>\n\n\n\n<figure class=\"wp-block-image size-large\"><img loading=\"lazy\" decoding=\"async\" width=\"1024\" height=\"555\" src=\"https:\/\/catedracosgaya.com.ar\/tipoblog\/2022\/wp-content\/uploads\/2022\/09\/campana-noessuculpa-1024x555.jpg\" alt=\"\" class=\"wp-image-746\" srcset=\"https:\/\/catedracosgaya.com.ar\/tipoblog\/2022\/wp-content\/uploads\/2022\/09\/campana-noessuculpa-1024x555.jpg 1024w, https:\/\/catedracosgaya.com.ar\/tipoblog\/2022\/wp-content\/uploads\/2022\/09\/campana-noessuculpa-300x163.jpg 300w, https:\/\/catedracosgaya.com.ar\/tipoblog\/2022\/wp-content\/uploads\/2022\/09\/campana-noessuculpa-768x417.jpg 768w, https:\/\/catedracosgaya.com.ar\/tipoblog\/2022\/wp-content\/uploads\/2022\/09\/campana-noessuculpa.jpg 1191w\" sizes=\"auto, (max-width: 1024px) 100vw, 1024px\" \/><\/figure>\n\n\n\n<p>Continuando con el an\u00e1lisis, es importante mencionar que si bien es la fotograf\u00eda la que ocupa mayor parte de la composici\u00f3n, el mayor peso visual est\u00e1 enfocado en lo tipogr\u00e1fico. En esta campa\u00f1a se utilizan dos familias tipogr\u00e1ficas, por un lado la elegida para el texto central \u201cBasta de culpar a la v\u00edctima\u201d, cuya clasificaci\u00f3n pertenece a las de tipo Sans Serif, que a pesar de estar escrita en min\u00fascula y en un cuerpo peque\u00f1o dentro de un contenedor cumple un rol importante, funcionando muy bien ya que est\u00e1 pensado para una pieza dise\u00f1ada para que circule a trav\u00e9s de los medios digitales. Esta misma frase tiene una interlinea amplia para generar aire, ya que esta contenida en una caja de color rojo pleno.<\/p>\n\n\n\n<p>En cuanto a la segunda familia elegida, podemos mencionar que comparte caracter\u00edsticas formales, perteneciendo tambi\u00e9n a las tipograf\u00edas<strong> Sans Serif <\/strong>humanistas como lo es la familia <strong>Open Sans<\/strong>, dise\u00f1ada por Steve Matteson, encargada por Google y lanzada en 2011. En este caso, esta familia, es utilizada para simular los comentarios que se realizan en las redes sociales hacia las mujeres que son v\u00edctimas de diferentes tipos de violencia, y teniendo en cuenta como se manifiesta este mensaje utilizando modos de escritura informales como lo son los signos interrogatorios que son de uso frecuente en este \u00e1mbito apareciendo solo al finalizar la frase. Esta tipograf\u00eda es muy popular, por su <strong>buena legibilidad<\/strong> tanto en tama\u00f1os peque\u00f1os y por su buen funcionamiento en tama\u00f1os grandes, pero tambi\u00e9n por lo vers\u00e1til que es, ya que funciona tanto en piezas impresas, como en piezas digitales que ser\u00e1n difundidas en redes, por ser una tipograf\u00eda limpia y con impacto.<\/p>\n\n\n\n<p>Para finalizar, podemos mencionar como esta pieza logra su objetivo, ya que es una imagen potente que simula muy bien la idea de la sentencia social por la que sufren las mujeres y por los prejuicios de los cuales son v\u00edctimas debido a estos comentarios totalmente reales que suceden d\u00eda a d\u00eda en internet. Siendo cuestionadas por su forma de vida o de vestir, d\u00e1ndoles menos valor si son j\u00f3venes y mucho m\u00e1s si son de bajos recursos. Por lo tanto, podemos mencionar que los recursos que se utilizan para generar las gr\u00e1ficas de esta campa\u00f1a, son pertinentes para el mensaje que buscan comunicar.<\/p>\n\n\n\n<p>Fuentes:<\/p>\n\n\n\n<p><a href=\"http:\/\/feim.org.ar\/2017\/11\/25\/lanzan-una-campana-para-ponerle-freno-a-los-comentarios-machistas\/\">http:\/\/feim.org.ar\/2017\/11\/25\/lanzan-una-campana-para-ponerle-freno-a-los-comentarios-machistas\/<\/a><\/p>\n\n\n\n<p><a href=\"https:\/\/www.opensans.com\/\">https:\/\/www.opensans.com\/<\/a><\/p>\n\n\n\n<p><a href=\"http:\/\/www.oert.org\/clasificacion-tipografica\/\">http:\/\/www.oert.org\/clasificacion-tipografica\/<\/a><\/p>\n\n\n\n<p><a href=\"https:\/\/www.clarin.com\/sociedad\/lanzan-campana-ponerle-freno-comentarios-machistas_0_BJVuwzLgf.html\">https:\/\/www.clarin.com\/sociedad\/lanzan-campana-ponerle-freno-comentarios-machistas_0_BJVuwzLgf.html<\/a><\/p>\n<div class=\"remoji_bar\"><div class=\"remoji_add_container\" data-remoji-id=\"513\" data-remoji-type=\"post\"><div class=\"remoji_add_icon\"><\/div><\/div><div class=\"remoji_error_bar\" data-remoji-id=\"513\" data-remoji-type=\"post\" style=\"display: none;\">Error happened.<\/div><\/div>","protected":false},"excerpt":{"rendered":"<p>Los prejuicios son moneda corriente en una sociedad machista que carece de empat\u00eda hacia las mujeres afectadas por distintos tipos de violencia. Sin tener en cuenta, las circunstancias por las que han atravesado y sufriendo un da\u00f1o real provocado por agresiones en el \u00e1mbito digital. Esta pieza pertenece a una campa\u00f1a compuesta por varios afiches [&hellip;]<\/p>\n","protected":false},"author":38,"featured_media":751,"comment_status":"open","ping_status":"closed","sticky":false,"template":"","format":"standard","meta":{"_acf_changed":false,"footnotes":""},"categories":[1],"tags":[76,73,74,75],"comision":[5],"eje":[9],"pieza":[],"calif":[],"class_list":["post-513","post","type-post","status-publish","format-standard","has-post-thumbnail","hentry","category-sin-categoria","tag-igualdad","tag-noessuculpa","tag-prejuicios","tag-violenciadegenero","comision-majo-chino","eje-concepto-o-mensaje"],"acf":[],"_links":{"self":[{"href":"https:\/\/catedracosgaya.com.ar\/tipoblog\/2022\/wp-json\/wp\/v2\/posts\/513","targetHints":{"allow":["GET"]}}],"collection":[{"href":"https:\/\/catedracosgaya.com.ar\/tipoblog\/2022\/wp-json\/wp\/v2\/posts"}],"about":[{"href":"https:\/\/catedracosgaya.com.ar\/tipoblog\/2022\/wp-json\/wp\/v2\/types\/post"}],"author":[{"embeddable":true,"href":"https:\/\/catedracosgaya.com.ar\/tipoblog\/2022\/wp-json\/wp\/v2\/users\/38"}],"replies":[{"embeddable":true,"href":"https:\/\/catedracosgaya.com.ar\/tipoblog\/2022\/wp-json\/wp\/v2\/comments?post=513"}],"version-history":[{"count":3,"href":"https:\/\/catedracosgaya.com.ar\/tipoblog\/2022\/wp-json\/wp\/v2\/posts\/513\/revisions"}],"predecessor-version":[{"id":1673,"href":"https:\/\/catedracosgaya.com.ar\/tipoblog\/2022\/wp-json\/wp\/v2\/posts\/513\/revisions\/1673"}],"wp:featuredmedia":[{"embeddable":true,"href":"https:\/\/catedracosgaya.com.ar\/tipoblog\/2022\/wp-json\/wp\/v2\/media\/751"}],"wp:attachment":[{"href":"https:\/\/catedracosgaya.com.ar\/tipoblog\/2022\/wp-json\/wp\/v2\/media?parent=513"}],"wp:term":[{"taxonomy":"category","embeddable":true,"href":"https:\/\/catedracosgaya.com.ar\/tipoblog\/2022\/wp-json\/wp\/v2\/categories?post=513"},{"taxonomy":"post_tag","embeddable":true,"href":"https:\/\/catedracosgaya.com.ar\/tipoblog\/2022\/wp-json\/wp\/v2\/tags?post=513"},{"taxonomy":"comision","embeddable":true,"href":"https:\/\/catedracosgaya.com.ar\/tipoblog\/2022\/wp-json\/wp\/v2\/comision?post=513"},{"taxonomy":"eje","embeddable":true,"href":"https:\/\/catedracosgaya.com.ar\/tipoblog\/2022\/wp-json\/wp\/v2\/eje?post=513"},{"taxonomy":"pieza","embeddable":true,"href":"https:\/\/catedracosgaya.com.ar\/tipoblog\/2022\/wp-json\/wp\/v2\/pieza?post=513"},{"taxonomy":"calif","embeddable":true,"href":"https:\/\/catedracosgaya.com.ar\/tipoblog\/2022\/wp-json\/wp\/v2\/calif?post=513"}],"curies":[{"name":"wp","href":"https:\/\/api.w.org\/{rel}","templated":true}]}}